{"id":900,"date":"2022-09-16T09:59:56","date_gmt":"2022-09-16T14:59:56","guid":{"rendered":"https:\/\/routedesartsvaudreuilsoulanges.com\/?p=900"},"modified":"2022-09-16T09:59:56","modified_gmt":"2022-09-16T14:59:56","slug":"la-route-des-arts-est-lancee","status":"publish","type":"post","link":"https:\/\/routedesartsvaudreuilsoulanges.com\/fr\/2022\/09\/16\/la-route-des-arts-est-lancee\/","title":{"rendered":"La route des arts est lanc\u00e9e"},"content":{"rendered":"\n<p>(English follows)<\/p>\n\n\n\n<p><img loading=\"lazy\" decoding=\"async\" width=\"150\" height=\"100\" class=\"wp-image-880\" style=\"width: 150px;\" src=\"https:\/\/routedesartsvaudreuilsoulanges.com\/wp-content\/uploads\/2022\/09\/20220820A-LArtdeCapter-0003-scaled.jpg\" alt=\"\" srcset=\"https:\/\/routedesartsvaudreuilsoulanges.com\/wp-content\/uploads\/2022\/09\/20220820A-LArtdeCapter-0003-scaled.jpg 2560w, https:\/\/routedesartsvaudreuilsoulanges.com\/wp-content\/uploads\/2022\/09\/20220820A-LArtdeCapter-0003-300x200.jpg 300w, https:\/\/routedesartsvaudreuilsoulanges.com\/wp-content\/uploads\/2022\/09\/20220820A-LArtdeCapter-0003-1024x683.jpg 1024w, https:\/\/routedesartsvaudreuilsoulanges.com\/wp-content\/uploads\/2022\/09\/20220820A-LArtdeCapter-0003-768x512.jpg 768w, https:\/\/routedesartsvaudreuilsoulanges.com\/wp-content\/uploads\/2022\/09\/20220820A-LArtdeCapter-0003-1536x1024.jpg 1536w, https:\/\/routedesartsvaudreuilsoulanges.com\/wp-content\/uploads\/2022\/09\/20220820A-LArtdeCapter-0003-2048x1365.jpg 2048w\" sizes=\"auto, (max-width: 150px) 100vw, 150px\" \/>C&rsquo;est dans l&rsquo;environnement enchanteur du Village des \u00c9cluses de Pointe-des-Cascades qu&rsquo;avait lieu le lancement officiel de la Route des Arts de Vaudreuil-Soulanges (RAVS).\u00a0 Les organisateurs et les artistes participants \u00e0 la Route recevaient \u00e9lus provinciaux et municipaux, partenaires et commanditaires ainsi que les m\u00e9dias pour souligner la premi\u00e8re \u00e9dition de l&rsquo;\u00e9v\u00e9nement et remercier tous ceux et celles qui ont contribu\u00e9 \u00e0 mettre sur pied cet \u00e9v\u00e9nement d&rsquo;envergure pour la r\u00e9gion.\u00a0\u00a0<br><br>Les artistes sont pr\u00eats et ont h\u00e2te de vous accueillir dans leurs ateliers la fin de semaine du 24 et 25 septembre prochain de 10h \u00e0 16h.\u00a0 <img loading=\"lazy\" decoding=\"async\" width=\"300\" height=\"200\" class=\"wp-image-913\" style=\"width: 300px;\" src=\"https:\/\/routedesartsvaudreuilsoulanges.com\/wp-content\/uploads\/2022\/09\/20220820A-LArtdeCapter-0173-scaled.jpg\" alt=\"\" srcset=\"https:\/\/routedesartsvaudreuilsoulanges.com\/wp-content\/uploads\/2022\/09\/20220820A-LArtdeCapter-0173-scaled.jpg 2560w, https:\/\/routedesartsvaudreuilsoulanges.com\/wp-content\/uploads\/2022\/09\/20220820A-LArtdeCapter-0173-300x200.jpg 300w, https:\/\/routedesartsvaudreuilsoulanges.com\/wp-content\/uploads\/2022\/09\/20220820A-LArtdeCapter-0173-1024x683.jpg 1024w, https:\/\/routedesartsvaudreuilsoulanges.com\/wp-content\/uploads\/2022\/09\/20220820A-LArtdeCapter-0173-768x512.jpg 768w, https:\/\/routedesartsvaudreuilsoulanges.com\/wp-content\/uploads\/2022\/09\/20220820A-LArtdeCapter-0173-1536x1024.jpg 1536w, https:\/\/routedesartsvaudreuilsoulanges.com\/wp-content\/uploads\/2022\/09\/20220820A-LArtdeCapter-0173-2048x1365.jpg 2048w\" sizes=\"auto, (max-width: 300px) 100vw, 300px\" \/>Vous pouvez planifier votre parcours en consultant la <a rel=\"noreferrer noopener\" href=\"https:\/\/www.google.com\/maps\/d\/u\/0\/viewer?mid=1cw9FsWgId0bfgtoKBJrgvgzNxHKwf5MB&amp;ll=45.37757110608582%2C-74.1575025&amp;z=11\" target=\"_blank\">carte interactive<\/a> qui vous guidera vers ces ateliers. Vous d\u00e9couvrirez la qualit\u00e9 et la diversit\u00e9 des cr\u00e9ations des artistes de chez nous et vous constaterez la beaut\u00e9 de notre territoire.<br><br>Ces artistes constituent le reflet culturel de notre r\u00e9gion et nous pouvons les remercier de s&rsquo;\u00eatre engag\u00e9s \u00e0 nous en mettre plein la vue pendant cette fin-de-semaine de d\u00e9couvertes.\u00a0<\/p>\n\n\n\n<p><strong>DES PARTENAIRES IMPORTANTS<\/strong><\/p>\n\n\n\n<p>Un \u00e9v\u00e9nement pour la r\u00e9gion de Vaudreuil-Soulanges qui ne serait pas possible sans le travail d\u2019une \u00e9quipe qui a mis sur pied les assises de cette activit\u00e9 culturelle.&nbsp; En constituant l\u2019OSBL et sa structure, en planifiant l\u2019appel de candidature et le processus de s\u00e9lection, en \u00e9tablissant des partenariats et obtenant des commandites sans lesquelles l\u2019\u00e9v\u00e9nement ne serait pas possible.<\/p>\n\n\n\n<p>Les partenaires \u00e9taient au rendez-vous en commen\u00e7ant avec le CACVS qui nous a fourni <img loading=\"lazy\" decoding=\"async\" width=\"300\" height=\"160\" class=\"wp-image-909\" style=\"width: 300px;\" src=\"https:\/\/routedesartsvaudreuilsoulanges.com\/wp-content\/uploads\/2022\/09\/cacvs-logo_2.png\" alt=\"\" srcset=\"https:\/\/routedesartsvaudreuilsoulanges.com\/wp-content\/uploads\/2022\/09\/cacvs-logo_2.png 376w, https:\/\/routedesartsvaudreuilsoulanges.com\/wp-content\/uploads\/2022\/09\/cacvs-logo_2-300x160.png 300w\" sizes=\"auto, (max-width: 300px) 100vw, 300px\" \/>\u00a0renseignements et conseils pour nous aider \u00e0 d\u00e9marrer et nous implanter.\u00a0 Gr\u00e2ce \u00e0 leur programme d\u2019innovation culturelle et num\u00e9rique (PICN) nous avons pu fournir \u00e0 l\u2019\u00e9v\u00e9nement une identit\u00e9 et une signalisation.<\/p>\n\n\n\n<p>De plus, le CACVS a octroy\u00e9 aux artistes et artisans une subvention \u00e9quivalente \u00e0 50% des frais de participation pour les aider financi\u00e8rement \u00e0 participer \u00e0 l\u2019\u00e9v\u00e9nement.<\/p>\n\n\n\n<p><img loading=\"lazy\" decoding=\"async\" width=\"300\" height=\"109\" class=\"wp-image-908\" style=\"width: 300px;\" src=\"https:\/\/routedesartsvaudreuilsoulanges.com\/wp-content\/uploads\/2022\/09\/VS_LOGO_HOR_RGB-1.jpg\" alt=\"\" srcset=\"https:\/\/routedesartsvaudreuilsoulanges.com\/wp-content\/uploads\/2022\/09\/VS_LOGO_HOR_RGB-1.jpg 847w, https:\/\/routedesartsvaudreuilsoulanges.com\/wp-content\/uploads\/2022\/09\/VS_LOGO_HOR_RGB-1-300x109.jpg 300w, https:\/\/routedesartsvaudreuilsoulanges.com\/wp-content\/uploads\/2022\/09\/VS_LOGO_HOR_RGB-1-768x280.jpg 768w\" sizes=\"auto, (max-width: 300px) 100vw, 300px\" \/>D\u00e9veloppement \u00e9conomique Vaudreuil-Soulanges (DEV) est un organisme r\u00e9gional qui nous a \u00e9paul\u00e9 lors de la constitution de l\u2019OBNL, l\u2019aide qu\u2019ils fournissent aux entreprises de la r\u00e9gion est b\u00e9n\u00e9fique pour l\u2019activit\u00e9 \u00e9conomique et touristique.<\/p>\n\n\n\n<p>Leur aide financi\u00e8re et professionnelle nous permettra de nous ancrer et de fournir une offre culturelle structurante et p\u00e9renne pour la r\u00e9gion. Cette aide nous aidera \u00e0 structurer l\u2019offre pour permettre aux artistes et artisans d\u2019avoir cette vitrine et d\u2019autres en devenir, pour les aider \u00e0 continuer \u00e0 pratiquer leur art.&nbsp; On oublie souvent que ces artistes et artisans sont des travailleurs autonomes qui contribuent \u00e0 l\u2019apport \u00e9conomique de la r\u00e9gion et ils la font rayonner au-del\u00e0 de nos fronti\u00e8res de part leur originalit\u00e9 et leur talent.<\/p>\n\n\n\n<p><\/p>\n\n\n\n<p><img loading=\"lazy\" decoding=\"async\" width=\"150\" height=\"100\" class=\"wp-image-880\" style=\"width: 150px;\" src=\"https:\/\/routedesartsvaudreuilsoulanges.com\/wp-content\/uploads\/2022\/09\/20220820A-LArtdeCapter-0003-scaled.jpg\" alt=\"\" srcset=\"https:\/\/routedesartsvaudreuilsoulanges.com\/wp-content\/uploads\/2022\/09\/20220820A-LArtdeCapter-0003-scaled.jpg 2560w, https:\/\/routedesartsvaudreuilsoulanges.com\/wp-content\/uploads\/2022\/09\/20220820A-LArtdeCapter-0003-300x200.jpg 300w, https:\/\/routedesartsvaudreuilsoulanges.com\/wp-content\/uploads\/2022\/09\/20220820A-LArtdeCapter-0003-1024x683.jpg 1024w, https:\/\/routedesartsvaudreuilsoulanges.com\/wp-content\/uploads\/2022\/09\/20220820A-LArtdeCapter-0003-768x512.jpg 768w, https:\/\/routedesartsvaudreuilsoulanges.com\/wp-content\/uploads\/2022\/09\/20220820A-LArtdeCapter-0003-1536x1024.jpg 1536w, https:\/\/routedesartsvaudreuilsoulanges.com\/wp-content\/uploads\/2022\/09\/20220820A-LArtdeCapter-0003-2048x1365.jpg 2048w\" sizes=\"auto, (max-width: 150px) 100vw, 150px\" \/>The organization of the Arts Tour of Vaudreuil-Soulanges held its launch on the premises of the enchanting Village des \u00c9cluses in Pointe-des-Cascades. Artists, artisans, elected officials of the municipal and provincial governments, sponsors and the press were greeted to find out more about this important cultural event for the region. \u00a0The celebration also served to thank everyone who made this event possible.\u00a0\u00a0<br><br>Artists and artisans are ready and are anxious to welcome you in their studio during the weekend of September 24 and 25 from 10\u00a0:00am to 4\u00a0:00 pm. \u00a0<\/p>\n\n\n\n<p><img loading=\"lazy\" decoding=\"async\" width=\"300\" height=\"200\" class=\"wp-image-913\" style=\"width: 300px;\" src=\"https:\/\/routedesartsvaudreuilsoulanges.com\/wp-content\/uploads\/2022\/09\/20220820A-LArtdeCapter-0173-scaled.jpg\" alt=\"\" srcset=\"https:\/\/routedesartsvaudreuilsoulanges.com\/wp-content\/uploads\/2022\/09\/20220820A-LArtdeCapter-0173-scaled.jpg 2560w, https:\/\/routedesartsvaudreuilsoulanges.com\/wp-content\/uploads\/2022\/09\/20220820A-LArtdeCapter-0173-300x200.jpg 300w, https:\/\/routedesartsvaudreuilsoulanges.com\/wp-content\/uploads\/2022\/09\/20220820A-LArtdeCapter-0173-1024x683.jpg 1024w, https:\/\/routedesartsvaudreuilsoulanges.com\/wp-content\/uploads\/2022\/09\/20220820A-LArtdeCapter-0173-768x512.jpg 768w, https:\/\/routedesartsvaudreuilsoulanges.com\/wp-content\/uploads\/2022\/09\/20220820A-LArtdeCapter-0173-1536x1024.jpg 1536w, https:\/\/routedesartsvaudreuilsoulanges.com\/wp-content\/uploads\/2022\/09\/20220820A-LArtdeCapter-0173-2048x1365.jpg 2048w\" sizes=\"auto, (max-width: 300px) 100vw, 300px\" \/>You may plan your Arts Tour by consulting the <a href=\"https:\/\/www.google.com\/maps\/d\/u\/0\/viewer?mid=1cw9FsWgId0bfgtoKBJrgvgzNxHKwf5MB&amp;ll=45.37757110608584%2C-74.1575025&amp;z=11\">interactive map<\/a> which will guide you to the various studios.\u00a0 You will be amazed by the diversity and quality of the artwork from local artists and artisans you will discover as well as the beauty of the Vaudreuil-Soulanges region.<br><br>These artists constitute the richness of our regional cultural print and we can thank them for their commitment which will make this weekend of studio visits an experience we will not forget.<\/p>\n\n\n\n<p><strong>IMPORTANT SPONSORS AND PARTNERS<\/strong><strong><\/strong><\/p>\n\n\n\n<p>This regional event would not have been possible without a dedicated team who has worked to build the foundation of this cultural organization. &nbsp;It started out with the creation of a not-for-profit organization, the call for artists, the selection process, the establishment of relationships with other regional organizations and securing funding which made it possible.<\/p>\n\n\n\n<p>The assistance of major regional organizations such as the CACVS which provided information, help and funding<img loading=\"lazy\" decoding=\"async\" width=\"150\" height=\"80\" class=\"wp-image-909\" style=\"width: 150px;\" src=\"https:\/\/routedesartsvaudreuilsoulanges.com\/wp-content\/uploads\/2022\/09\/cacvs-logo_2.png\" alt=\"\" srcset=\"https:\/\/routedesartsvaudreuilsoulanges.com\/wp-content\/uploads\/2022\/09\/cacvs-logo_2.png 376w, https:\/\/routedesartsvaudreuilsoulanges.com\/wp-content\/uploads\/2022\/09\/cacvs-logo_2-300x160.png 300w\" sizes=\"auto, (max-width: 150px) 100vw, 150px\" \/> enabled us to complete the start up and the implementation of the RAVS.\u00a0 \u00a0The grant given through the Programme d\u2019innovation culturelle et num\u00e9rique (PICN) made it possible for us to develop our image and acquire signage which we will use now and in future editions.<\/p>\n\n\n\n<p>The CACVS has also funded artists and artisans the equivalent of &nbsp;50% of the participation fee.<\/p>\n\n\n\n<p>The d\u00e9veloppement \u00e9conomique of Vaudreuil-Soulanges (DEV) is a regional development agent in the community, <img loading=\"lazy\" decoding=\"async\" width=\"250\" height=\"91\" class=\"wp-image-908\" style=\"width: 250px;\" src=\"https:\/\/routedesartsvaudreuilsoulanges.com\/wp-content\/uploads\/2022\/09\/VS_LOGO_HOR_RGB-1.jpg\" alt=\"\" srcset=\"https:\/\/routedesartsvaudreuilsoulanges.com\/wp-content\/uploads\/2022\/09\/VS_LOGO_HOR_RGB-1.jpg 847w, https:\/\/routedesartsvaudreuilsoulanges.com\/wp-content\/uploads\/2022\/09\/VS_LOGO_HOR_RGB-1-300x109.jpg 300w, https:\/\/routedesartsvaudreuilsoulanges.com\/wp-content\/uploads\/2022\/09\/VS_LOGO_HOR_RGB-1-768x280.jpg 768w\" sizes=\"auto, (max-width: 250px) 100vw, 250px\" \/>the team at D\u00e9veloppement (DEV) Vaudreuil-Soulanges provided professional services free of charge to assist us in our startup and planning for future edition.\u00a0 This assistance is beneficial for economic and tourism development in the region.<\/p>\n\n\n\n<p>They have also provided funds which made it possible to implement the pilars of the event and offer structured cultural activities this year and for many years to come.\u00a0 Their assistance will help us position ourselves to continue to provide perenne events providing artists and artisans of the region a solution to showcase their artwork and performances. We often forget that these artists and artisans are self-employed workers that contribute to the economic activity of the region. \u00a0They also bring notoriety to our region by the originality of their work and their talent.<\/p>\n\n\n\n<p><strong>NOTABLE SPONSORS<\/strong><strong><\/strong><\/p>\n\n\n\n<p><strong>The caisse Desjardins de Vaudreuil-Soulanges<\/strong> has become an important ally in sponsoring our event.<\/p>\n\n\n\n<p>The Mouvement Desjardins takes part in the organization of cultural events to get young people involved in artistic activities, to groom new and upcoming artists and to promote creativity.<img loading=\"lazy\" decoding=\"async\" width=\"300\" height=\"87\" class=\"wp-image-910\" style=\"width: 300px;\" src=\"https:\/\/routedesartsvaudreuilsoulanges.com\/wp-content\/uploads\/2022\/09\/Desjardins-Vaudreuil-Soulanges-couleur.jpg\" alt=\"\" srcset=\"https:\/\/routedesartsvaudreuilsoulanges.com\/wp-content\/uploads\/2022\/09\/Desjardins-Vaudreuil-Soulanges-couleur.jpg 1781w, https:\/\/routedesartsvaudreuilsoulanges.com\/wp-content\/uploads\/2022\/09\/Desjardins-Vaudreuil-Soulanges-couleur-300x87.jpg 300w, https:\/\/routedesartsvaudreuilsoulanges.com\/wp-content\/uploads\/2022\/09\/Desjardins-Vaudreuil-Soulanges-couleur-1024x297.jpg 1024w, https:\/\/routedesartsvaudreuilsoulanges.com\/wp-content\/uploads\/2022\/09\/Desjardins-Vaudreuil-Soulanges-couleur-768x223.jpg 768w, https:\/\/routedesartsvaudreuilsoulanges.com\/wp-content\/uploads\/2022\/09\/Desjardins-Vaudreuil-Soulanges-couleur-1536x445.jpg 1536w\" sizes=\"auto, (max-width: 300px) 100vw, 300px\" \/><\/p>\n\n\n\n<p>Through their investments in sponsorships and philanthropy, they are committed to giving young people the means to achieve their goals so they can reach their potential and fulfill their dreams.<\/p>\n\n\n\n<p><\/p>\n\n\n\n<p>Promutuel Insurance Horizon Ouest, has also sponsored our event through their \u2018At the heart of our community\u2019 program.. This program enables the people of Vaudreuil-Soulanges to become partners in inspiring projects that contribute to their community\u2019s well-being.<img loading=\"lazy\" decoding=\"async\" width=\"300\" height=\"180\" class=\"wp-image-907\" style=\"width: 300px;\" src=\"https:\/\/routedesartsvaudreuilsoulanges.com\/wp-content\/uploads\/2022\/09\/telechargement.jpg\" alt=\"\"><\/p>\n\n\n\n<p>Driven by the spirit of mutual support and collaboration, the mutual insurance association continues to stand out for the distinctive, local services they have been providing their insured members for years. Their mutualist values still guide the actions they take to secure the organization\u2019s future and pursue their social mission in the communities they serve.<\/p>\n\n\n\n<p>**********************************************************************<\/p>\n\n\n\n<p><strong>Government assistance<\/strong><\/p>\n\n\n\n<p>The provincial government has also provided funds through their \u2018Assistance to volunteer work program\u2019.\u00a0 The two MNA\u2019s of Vaudreuil and Soulanges districts helped financially and the funds served to the start-up costs.\u00a0\u00a0 Thank you to Marilyne Picard, <img loading=\"lazy\" decoding=\"async\" width=\"400\" height=\"270\" class=\"wp-image-871\" style=\"width: 400px;\" src=\"https:\/\/routedesartsvaudreuilsoulanges.com\/wp-content\/uploads\/2022\/08\/picard.jpg\" alt=\"\" srcset=\"https:\/\/routedesartsvaudreuilsoulanges.com\/wp-content\/uploads\/2022\/08\/picard.jpg 478w, https:\/\/routedesartsvaudreuilsoulanges.com\/wp-content\/uploads\/2022\/08\/picard-300x203.jpg 300w\" sizes=\"auto, (max-width: 400px) 100vw, 400px\" \/><\/p>\n\n\n\n<p>Soulanges MNA who honoured us with her presence during the launch event and shared with us during a speech, her love and interest in the arts.<\/p>\n\n\n\n<p>Marie-Claude Nichols MNA for Vaudreuil also funded our organization and the funds served in the start-up costs.<\/p>\n\n\n\n<figure class=\"wp-block-image size-full is-resized\"><img loading=\"lazy\" decoding=\"async\" src=\"https:\/\/routedesartsvaudreuilsoulanges.com\/wp-content\/uploads\/2022\/05\/nichols.jpg\" alt=\"\" class=\"wp-image-602\" width=\"478\" height=\"323\" srcset=\"https:\/\/routedesartsvaudreuilsoulanges.com\/wp-content\/uploads\/2022\/05\/nichols.jpg 478w, https:\/\/routedesartsvaudreuilsoulanges.com\/wp-content\/uploads\/2022\/05\/nichols-300x203.jpg 300w\" sizes=\"auto, (max-width: 478px) 100vw, 478px\" \/><\/figure>\n\n\n\n<p>Thank you!<\/p>\n\n\n\n<p>A last newsletter will be sent before our major event in which we will share tips and tricks on organizing your arts tour.<\/p>\n\n\n\n<p>We are looking forward to welcoming you in our studios.<\/p>\n","protected":false},"excerpt":{"rendered":"<p>(English follows) C&rsquo;est dans l&rsquo;environnement enchanteur du Village des \u00c9cluses de Pointe-des-Cascades qu&rsquo;avait lieu le lancement officiel de la Route des Arts de Vaudreuil-Soulanges (RAVS).\u00a0 Les organisateurs et les artistes participants \u00e0 la Route recevaient \u00e9lus provinciaux et municipaux, partenaires et commanditaires ainsi que les m\u00e9dias pour souligner la premi\u00e8re \u00e9dition de l&rsquo;\u00e9v\u00e9nement et remercier [&hellip;]<\/p>\n","protected":false},"author":1,"featured_media":0,"comment_status":"open","ping_status":"open","sticky":false,"template":"","format":"standard","meta":{"footnotes":""},"categories":[10,1],"tags":[9],"class_list":["post-900","post","type-post","status-publish","format-standard","hentry","category-artistes-vaudreuil-soulanges","category-uncategorized","tag-ravs"],"_links":{"self":[{"href":"https:\/\/routedesartsvaudreuilsoulanges.com\/fr\/wp-json\/wp\/v2\/posts\/900","targetHints":{"allow":["GET"]}}],"collection":[{"href":"https:\/\/routedesartsvaudreuilsoulanges.com\/fr\/wp-json\/wp\/v2\/posts"}],"about":[{"href":"https:\/\/routedesartsvaudreuilsoulanges.com\/fr\/wp-json\/wp\/v2\/types\/post"}],"author":[{"embeddable":true,"href":"https:\/\/routedesartsvaudreuilsoulanges.com\/fr\/wp-json\/wp\/v2\/users\/1"}],"replies":[{"embeddable":true,"href":"https:\/\/routedesartsvaudreuilsoulanges.com\/fr\/wp-json\/wp\/v2\/comments?post=900"}],"version-history":[{"count":2,"href":"https:\/\/routedesartsvaudreuilsoulanges.com\/fr\/wp-json\/wp\/v2\/posts\/900\/revisions"}],"predecessor-version":[{"id":914,"href":"https:\/\/routedesartsvaudreuilsoulanges.com\/fr\/wp-json\/wp\/v2\/posts\/900\/revisions\/914"}],"wp:attachment":[{"href":"https:\/\/routedesartsvaudreuilsoulanges.com\/fr\/wp-json\/wp\/v2\/media?parent=900"}],"wp:term":[{"taxonomy":"category","embeddable":true,"href":"https:\/\/routedesartsvaudreuilsoulanges.com\/fr\/wp-json\/wp\/v2\/categories?post=900"},{"taxonomy":"post_tag","embeddable":true,"href":"https:\/\/routedesartsvaudreuilsoulanges.com\/fr\/wp-json\/wp\/v2\/tags?post=900"}],"curies":[{"name":"wp","href":"https:\/\/api.w.org\/{rel}","templated":true}]}}